{"id":5069,"date":"2025-01-30T16:15:53","date_gmt":"2025-01-30T15:15:53","guid":{"rendered":"https:\/\/www.zonaires.com\/?p=5069"},"modified":"2025-02-06T17:17:56","modified_gmt":"2025-02-06T16:17:56","slug":"la-chambre-des-somnambules","status":"publish","type":"post","link":"https:\/\/www.zonaires.com\/?p=5069","title":{"rendered":"La chambre des somnambules"},"content":{"rendered":"<p><a href=\"https:\/\/www.zonaires.com\/wp-content\/uploads\/2025\/01\/La-Chambre-des-somnambules-couverture-Recto2.jpg\"><img loading=\"lazy\" class=\"alignleft size-medium wp-image-5078\" src=\"https:\/\/www.zonaires.com\/wp-content\/uploads\/2025\/01\/La-Chambre-des-somnambules-couverture-Recto2-300x425.jpg\" alt=\"\" width=\"300\" height=\"425\" srcset=\"https:\/\/www.zonaires.com\/wp-content\/uploads\/2025\/01\/La-Chambre-des-somnambules-couverture-Recto2-300x425.jpg 300w, https:\/\/www.zonaires.com\/wp-content\/uploads\/2025\/01\/La-Chambre-des-somnambules-couverture-Recto2-723x1024.jpg 723w, https:\/\/www.zonaires.com\/wp-content\/uploads\/2025\/01\/La-Chambre-des-somnambules-couverture-Recto2-148x210.jpg 148w, https:\/\/www.zonaires.com\/wp-content\/uploads\/2025\/01\/La-Chambre-des-somnambules-couverture-Recto2-768x1087.jpg 768w, https:\/\/www.zonaires.com\/wp-content\/uploads\/2025\/01\/La-Chambre-des-somnambules-couverture-Recto2-1085x1536.jpg 1085w, https:\/\/www.zonaires.com\/wp-content\/uploads\/2025\/01\/La-Chambre-des-somnambules-couverture-Recto2-1447x2048.jpg 1447w, https:\/\/www.zonaires.com\/wp-content\/uploads\/2025\/01\/La-Chambre-des-somnambules-couverture-Recto2.jpg 1758w\" sizes=\"(max-width: 300px) 100vw, 300px\" \/><\/a>Ancr\u00e9es au beau milieu d\u2019un Japon hors du temps, dans les terres du Nord ou d\u2019Italie, les nouvelles de ce recueil abordent le th\u00e8me de la hantise. Quels que soient les lieux, quelles que soient les \u00e9poques, les personnages de ces r\u00e9cits se ressemblent : ils se trouvent malgr\u00e9 eux confront\u00e9s \u00e0 un \u00e9v\u00e8nement qui viendra faire basculer \u2212 et d\u00e9finir \u2212 le reste de leur vie\u2026 \u00c0 ce traumatisme originel, ils en reviendront sans cesse : tiraill\u00e9s entre sid\u00e9ration et d\u00e9sir d\u2019avancer.<br \/>\nOn croisera dans ces pages des survivants du massacre d\u2019Ascq en 1944, des jeunes femmes et des vieillards aux amours disparus, un peintre qui retrouve au cr\u00e9puscule de sa carri\u00e8re celle qui fut sa Muse, une jeune femme noy\u00e9e pour d\u2019obscures raisons et qui repara\u00eet\u2026<br \/>\nEt si la force d\u2019un destin r\u00e9sidait dans le r\u00eave qui lui pr\u00e9existe ? Dans le fantasme ou dans l\u2019obsession qu\u2019une anecdote \u2212 ou qu\u2019un drame \u2212 aura su r\u00e9v\u00e9ler ? Qu\u2019est-ce qui nous hante et qu\u2019est-ce qui nous anime ? En neuf nouvelles denses et envo\u00fbtantes, Mehdi Ikaddaren d\u00e9veloppe ces questions et nous plonge dans un univers o\u00f9 les mirages et la r\u00e9alit\u00e9 s\u2019entrem\u00ealent.<\/p>\n<p><a href=\"https:\/\/www.zonaires.com\/wp-content\/uploads\/2025\/01\/Mehdi-Ikaddaren-vignette.jpg\"><img loading=\"lazy\" class=\"alignleft size-thumbnail wp-image-5072\" src=\"https:\/\/www.zonaires.com\/wp-content\/uploads\/2025\/01\/Mehdi-Ikaddaren-vignette-140x210.jpg\" alt=\"\" width=\"140\" height=\"210\" srcset=\"https:\/\/www.zonaires.com\/wp-content\/uploads\/2025\/01\/Mehdi-Ikaddaren-vignette-140x210.jpg 140w, https:\/\/www.zonaires.com\/wp-content\/uploads\/2025\/01\/Mehdi-Ikaddaren-vignette-300x450.jpg 300w, https:\/\/www.zonaires.com\/wp-content\/uploads\/2025\/01\/Mehdi-Ikaddaren-vignette-683x1024.jpg 683w, https:\/\/www.zonaires.com\/wp-content\/uploads\/2025\/01\/Mehdi-Ikaddaren-vignette-768x1152.jpg 768w, https:\/\/www.zonaires.com\/wp-content\/uploads\/2025\/01\/Mehdi-Ikaddaren-vignette-1024x1536.jpg 1024w, https:\/\/www.zonaires.com\/wp-content\/uploads\/2025\/01\/Mehdi-Ikaddaren-vignette-1365x2048.jpg 1365w, https:\/\/www.zonaires.com\/wp-content\/uploads\/2025\/01\/Mehdi-Ikaddaren-vignette.jpg 1500w\" sizes=\"(max-width: 140px) 100vw, 140px\" \/><\/a><\/p>\n<p>Mehdi Ikaddaren se consacre exclusivement au genre de la nouvelle. Il porte sur la question des origines, sur celle des cultures m\u00e9tiss\u00e9es, sur la question de la m\u00e9moire et de la transmission, un regard concern\u00e9, parfois inquiet. Il habite \u00e0 Villeneuve-d\u2019Ascq, pr\u00e8s de Lille. Diff\u00e9rentes revues ont accueilli ses textes : Harfang, Le Cafard h\u00e9r\u00e9tique, Squeeze, L\u2019Ampoule, Nouvelle Donne, Encre(s). La Chambre des somnambules est son premier recueil individuel.<\/p>\n<p><strong>La Chambre des somnambules<\/strong>, nouvelles de <strong>Mehdi Ikaddaren<\/strong>, 94 pages, 14,50\u20ac + port : parution pr\u00e9vue le 10 f\u00e9vrier 2025. ISBN 979-10-94810-65-1<\/p>\n<form action=\"https:\/\/www.paypal.com\/cgi-bin\/webscr\" method=\"post\" target=\"_blank\"><input name=\"cmd\" type=\"hidden\" value=\"_s-xclick\" \/><span style=\"color: #993300;\"><strong>En \u00e9coute<\/strong> <\/span>: &#8220;Dans la flache&#8221;, une nouvelle mise en voix par Serge Cazenave<br \/>\n<input name=\"hosted_button_id\" type=\"hidden\" value=\"6KDB7QN9S37YJ\" \/><!--[if lt IE 9]><script>document.createElement('audio');<\/script><![endif]-->\n<audio class=\"wp-audio-shortcode\" id=\"audio-5069-1\" preload=\"none\" style=\"width: 100%;\" controls=\"controls\"><source type=\"audio\/mpeg\" src=\"https:\/\/www.zonaires.com\/wp-content\/uploads\/2025\/01\/Mehdi-Ikaddaren-Dans-la-Flache.mp3?_=1\" \/><a href=\"https:\/\/www.zonaires.com\/wp-content\/uploads\/2025\/01\/Mehdi-Ikaddaren-Dans-la-Flache.mp3\">https:\/\/www.zonaires.com\/wp-content\/uploads\/2025\/01\/Mehdi-Ikaddaren-Dans-la-Flache.mp3<\/a><\/audio><\/p>\n<p><input name=\"currency_code\" type=\"hidden\" value=\"EUR\" \/><br \/>\n<input title=\"PayPal, votre r\u00e9flexe s\u00e9curit\u00e9 pour payer en ligne.\" alt=\"Ajouter au panier\" name=\"submit\" src=\"https:\/\/www.paypalobjects.com\/fr_FR\/i\/btn\/btn_cart_LG.gif\" type=\"image\" \/><\/p>\n<\/form>\n<p>Pour commander et payer par ch\u00e8que :\u00a0<a href=\"https:\/\/www.zonaires.com\/?page_id=82\">Bon de commande<\/a><\/p>\n","protected":false},"excerpt":{"rendered":"<p>Ancr\u00e9es au beau milieu d\u2019un Japon hors du temps, dans les terres du Nord ou d\u2019Italie, les nouvelles de ce recueil abordent le th\u00e8me de la hantise. Quels que soient [&hellip;]<\/p>\n","protected":false},"author":1,"featured_media":0,"comment_status":"open","ping_status":"open","sticky":false,"template":"","format":"standard","meta":[],"categories":[6],"tags":[65],"_links":{"self":[{"href":"https:\/\/www.zonaires.com\/index.php?rest_route=\/wp\/v2\/posts\/5069"}],"collection":[{"href":"https:\/\/www.zonaires.com\/index.php?rest_route=\/wp\/v2\/posts"}],"about":[{"href":"https:\/\/www.zonaires.com\/index.php?rest_route=\/wp\/v2\/types\/post"}],"author":[{"embeddable":true,"href":"https:\/\/www.zonaires.com\/index.php?rest_route=\/wp\/v2\/users\/1"}],"replies":[{"embeddable":true,"href":"https:\/\/www.zonaires.com\/index.php?rest_route=%2Fwp%2Fv2%2Fcomments&post=5069"}],"version-history":[{"count":11,"href":"https:\/\/www.zonaires.com\/index.php?rest_route=\/wp\/v2\/posts\/5069\/revisions"}],"predecessor-version":[{"id":5093,"href":"https:\/\/www.zonaires.com\/index.php?rest_route=\/wp\/v2\/posts\/5069\/revisions\/5093"}],"wp:attachment":[{"href":"https:\/\/www.zonaires.com\/index.php?rest_route=%2Fwp%2Fv2%2Fmedia&parent=5069"}],"wp:term":[{"taxonomy":"category","embeddable":true,"href":"https:\/\/www.zonaires.com\/index.php?rest_route=%2Fwp%2Fv2%2Fcategories&post=5069"},{"taxonomy":"post_tag","embeddable":true,"href":"https:\/\/www.zonaires.com\/index.php?rest_route=%2Fwp%2Fv2%2Ftags&post=5069"}],"curies":[{"name":"wp","href":"https:\/\/api.w.org\/{rel}","templated":true}]}}