{"id":4829,"date":"2024-05-21T13:25:34","date_gmt":"2024-05-21T12:25:34","guid":{"rendered":"https:\/\/www.zonaires.com\/?p=4829"},"modified":"2026-03-17T18:00:57","modified_gmt":"2026-03-17T17:00:57","slug":"son-nom-sest-tu","status":"publish","type":"post","link":"https:\/\/www.zonaires.com\/?p=4829","title":{"rendered":"Son nom s&#8217;est tu"},"content":{"rendered":"<p><em><a href=\"https:\/\/www.zonaires.com\/wp-content\/uploads\/2024\/05\/Son-nom-sest-tu-couverture-recto-1.jpg\"><img loading=\"lazy\" class=\"alignleft size-medium wp-image-4831\" src=\"https:\/\/www.zonaires.com\/wp-content\/uploads\/2024\/05\/Son-nom-sest-tu-couverture-recto-1-300x442.jpg\" alt=\"\" width=\"300\" height=\"442\" srcset=\"https:\/\/www.zonaires.com\/wp-content\/uploads\/2024\/05\/Son-nom-sest-tu-couverture-recto-1-300x442.jpg 300w, https:\/\/www.zonaires.com\/wp-content\/uploads\/2024\/05\/Son-nom-sest-tu-couverture-recto-1-695x1024.jpg 695w, https:\/\/www.zonaires.com\/wp-content\/uploads\/2024\/05\/Son-nom-sest-tu-couverture-recto-1-143x210.jpg 143w, https:\/\/www.zonaires.com\/wp-content\/uploads\/2024\/05\/Son-nom-sest-tu-couverture-recto-1-768x1132.jpg 768w, https:\/\/www.zonaires.com\/wp-content\/uploads\/2024\/05\/Son-nom-sest-tu-couverture-recto-1-1043x1536.jpg 1043w, https:\/\/www.zonaires.com\/wp-content\/uploads\/2024\/05\/Son-nom-sest-tu-couverture-recto-1-1390x2048.jpg 1390w, https:\/\/www.zonaires.com\/wp-content\/uploads\/2024\/05\/Son-nom-sest-tu-couverture-recto-1.jpg 1688w\" sizes=\"(max-width: 300px) 100vw, 300px\" \/><\/a>Je suis n\u00e9e d\u2019un vide, d\u2019une absence, d\u2019un manque. On sort d\u2019un ventre, j\u2019ai nich\u00e9 dans un trou, un creux, une faille. Sa parole m\u2019a enfant\u00e9e. Sa peine m\u2019a enfant\u00e9e. La largesse de son c\u0153ur m\u2019a enfant\u00e9e.<\/em><\/p>\n<p>Dans ce village, il faut de la chance pour r\u00e9colter les enfants bien portants qui sauront faire cro\u00eetre le riz et prosp\u00e9rer les buffles, prolonger la lign\u00e9e et contenter les Anc\u00eatres, nourrir et soigner des parents vieillissants. Alors, quand Natacha, anthropologue, arrive d\u2019un autre monde, elle est vite install\u00e9e aux places vacantes. Les villageois la renomment Tassa. Elle devient une fille pour Loun et Pan. Avec Tyua, le fr\u00e8re a\u00een\u00e9 de Loun, le lien vacille pour se nouer dans l\u2019impossible deuil d\u2019un petit-fils, Khamhoung, que Tassa a connu.<br \/>\nLa pr\u00e9sence r\u00e9guli\u00e8re de cette \u00e9trange famili\u00e8re rappelle cruellement \u00e0 Tyua l\u2019absence de l\u2019enfant.<br \/>\nUn retour plus tard, Tyua livre \u00e0 Tassa un r\u00e9cit de sa vie hant\u00e9e par cette perte. Natacha, saisie, l\u2019enregistre, puis l\u2019oublie. Longtemps apr\u00e8s un ultime s\u00e9jour au village, elle red\u00e9couvre ces conversations. Stup\u00e9faite par la beaut\u00e9 de la langue, elle les transcrit puis les traduit. Entre divination, pr\u00e9sages et r\u00eaves, affects ambigus, morts inassimilables, impossibles renoncements et r\u00e9parations partielles, l\u2019universel appara\u00eet dans la singularit\u00e9 de ses formes.<br \/>\nRestera \u00e0 coudre ensemble Natacha et Tassa. Poser une fragile passerelle entre d\u00e9tresse, ressentiment et affection, lieu du labeur et berceau d\u2019une parent\u00e9 alternative. Tyua, elle et les autres.<\/p>\n<p><a href=\"https:\/\/www.zonaires.com\/wp-content\/uploads\/2024\/05\/Natacha2.jpg\"><img loading=\"lazy\" class=\"alignleft wp-image-4833\" src=\"https:\/\/www.zonaires.com\/wp-content\/uploads\/2024\/05\/Natacha2-148x197.jpg\" alt=\"\" width=\"91\" height=\"121\" srcset=\"https:\/\/www.zonaires.com\/wp-content\/uploads\/2024\/05\/Natacha2-148x197.jpg 148w, https:\/\/www.zonaires.com\/wp-content\/uploads\/2024\/05\/Natacha2-300x400.jpg 300w, https:\/\/www.zonaires.com\/wp-content\/uploads\/2024\/05\/Natacha2-768x1024.jpg 768w, https:\/\/www.zonaires.com\/wp-content\/uploads\/2024\/05\/Natacha2-1152x1536.jpg 1152w, https:\/\/www.zonaires.com\/wp-content\/uploads\/2024\/05\/Natacha2-1536x2048.jpg 1536w, https:\/\/www.zonaires.com\/wp-content\/uploads\/2024\/05\/Natacha2.jpg 1920w\" sizes=\"(max-width: 91px) 100vw, 91px\" \/><\/a><\/p>\n<p>Chercheure en anthropologie au CNRS, Natacha DUGNAT-COLLOMB d\u00e9fend la possibilit\u00e9 d\u2019une anthropologie subjective.<br \/>\nAvec ce r\u00e9cit, elle entre en litt\u00e9rature.<\/p>\n<p>Ce livre est pr\u00e9fac\u00e9 par <strong>Fran\u00e7oise GU\u00c9RIN<\/strong>, psychologue clinicienne, auteure de romans, de nouvelles et de polars radiophoniques.<\/p>\n<p><strong>Son nom s&#8217;est tu<\/strong>, r\u00e9cit de <strong>Natacha DUGNAT-COLLOMB<\/strong>, 160 pages, 18,00 \u20ac + port. ISBN 979-10-94810-58-3 Parution le 06 juin 2024<\/p>\n<p><span style=\"color: #993300;\"><strong>En \u00e9coute la superbe invitation de Fran\u00e7oise Gu\u00e9rin \u00e0 lire ce livre :<\/strong><\/span><\/p>\n<!--[if lt IE 9]><script>document.createElement('audio');<\/script><![endif]-->\n<audio class=\"wp-audio-shortcode\" id=\"audio-4829-1\" preload=\"none\" style=\"width: 100%;\" controls=\"controls\"><source type=\"audio\/mpeg\" src=\"https:\/\/www.zonaires.com\/wp-content\/uploads\/2024\/05\/Preface-Son-nom-s_est-tu-par-F.-Guerin.mp3?_=1\" \/><a href=\"https:\/\/www.zonaires.com\/wp-content\/uploads\/2024\/05\/Preface-Son-nom-s_est-tu-par-F.-Guerin.mp3\">https:\/\/www.zonaires.com\/wp-content\/uploads\/2024\/05\/Preface-Son-nom-s_est-tu-par-F.-Guerin.mp3<\/a><\/audio>\n<p>Pour commander le livre\u00a0\u00a0et r\u00e9gler \u00e0 partir d\u2019un compte PayPal ou par carte bancaire\u00a0cliquer sur le bouton ajouter au panier :<\/p>\n<form action=\"https:\/\/www.paypal.com\/cgi-bin\/webscr\" method=\"post\" target=\"_blank\"><input name=\"hosted_button_id\" type=\"hidden\" value=\"8J2DQFQPFVPZ2\" \/><strong><span style=\"color: #ff0000;\">Attention : Livre \u00e9puis\u00e9<\/span><\/strong><br \/>\n<input name=\"currency_code\" type=\"hidden\" value=\"EUR\" \/><br \/>\n<input title=\"PayPal, votre r\u00e9flexe s\u00e9curit\u00e9 pour payer en ligne.\" alt=\"Ajouter au panier\" name=\"submit\" src=\"https:\/\/www.paypalobjects.com\/fr_FR\/i\/btn\/btn_cart_LG.gif\" type=\"image\" \/><\/form>\n<p>Pour commander et r\u00e9gler par ch\u00e8que :\u00a0<a href=\"https:\/\/www.zonaires.com\/?page_id=82\">Bon de commande<\/a><\/p>\n","protected":false},"excerpt":{"rendered":"<p>Je suis n\u00e9e d\u2019un vide, d\u2019une absence, d\u2019un manque. On sort d\u2019un ventre, j\u2019ai nich\u00e9 dans un trou, un creux, une faille. Sa parole m\u2019a enfant\u00e9e. Sa peine m\u2019a enfant\u00e9e. [&hellip;]<\/p>\n","protected":false},"author":1,"featured_media":0,"comment_status":"open","ping_status":"open","sticky":false,"template":"","format":"standard","meta":[],"categories":[6],"tags":[61],"_links":{"self":[{"href":"https:\/\/www.zonaires.com\/index.php?rest_route=\/wp\/v2\/posts\/4829"}],"collection":[{"href":"https:\/\/www.zonaires.com\/index.php?rest_route=\/wp\/v2\/posts"}],"about":[{"href":"https:\/\/www.zonaires.com\/index.php?rest_route=\/wp\/v2\/types\/post"}],"author":[{"embeddable":true,"href":"https:\/\/www.zonaires.com\/index.php?rest_route=\/wp\/v2\/users\/1"}],"replies":[{"embeddable":true,"href":"https:\/\/www.zonaires.com\/index.php?rest_route=%2Fwp%2Fv2%2Fcomments&post=4829"}],"version-history":[{"count":19,"href":"https:\/\/www.zonaires.com\/index.php?rest_route=\/wp\/v2\/posts\/4829\/revisions"}],"predecessor-version":[{"id":5470,"href":"https:\/\/www.zonaires.com\/index.php?rest_route=\/wp\/v2\/posts\/4829\/revisions\/5470"}],"wp:attachment":[{"href":"https:\/\/www.zonaires.com\/index.php?rest_route=%2Fwp%2Fv2%2Fmedia&parent=4829"}],"wp:term":[{"taxonomy":"category","embeddable":true,"href":"https:\/\/www.zonaires.com\/index.php?rest_route=%2Fwp%2Fv2%2Fcategories&post=4829"},{"taxonomy":"post_tag","embeddable":true,"href":"https:\/\/www.zonaires.com\/index.php?rest_route=%2Fwp%2Fv2%2Ftags&post=4829"}],"curies":[{"name":"wp","href":"https:\/\/api.w.org\/{rel}","templated":true}]}}