{"id":4587,"date":"2024-03-09T12:06:37","date_gmt":"2024-03-09T11:06:37","guid":{"rendered":"https:\/\/www.zonaires.com\/?p=4587"},"modified":"2024-03-27T15:51:19","modified_gmt":"2024-03-27T14:51:19","slug":"quand-jai-quitte-la-syrie-jai-casse-mon-stylo","status":"publish","type":"post","link":"https:\/\/www.zonaires.com\/?p=4587","title":{"rendered":"Quand j&#8217;ai quitt\u00e9 la Syrie, j&#8217;ai cass\u00e9 mon stylo"},"content":{"rendered":"<p><a href=\"https:\/\/www.zonaires.com\/wp-content\/uploads\/2024\/03\/Sylvie-COUVAL-refugies-couverture-V.jpg\"><img loading=\"lazy\" class=\"alignleft size-medium wp-image-4588\" src=\"https:\/\/www.zonaires.com\/wp-content\/uploads\/2024\/03\/Sylvie-COUVAL-refugies-couverture-V-300x427.jpg\" alt=\"\" width=\"300\" height=\"427\" srcset=\"https:\/\/www.zonaires.com\/wp-content\/uploads\/2024\/03\/Sylvie-COUVAL-refugies-couverture-V-300x427.jpg 300w, https:\/\/www.zonaires.com\/wp-content\/uploads\/2024\/03\/Sylvie-COUVAL-refugies-couverture-V-720x1024.jpg 720w, https:\/\/www.zonaires.com\/wp-content\/uploads\/2024\/03\/Sylvie-COUVAL-refugies-couverture-V-148x210.jpg 148w, https:\/\/www.zonaires.com\/wp-content\/uploads\/2024\/03\/Sylvie-COUVAL-refugies-couverture-V-768x1092.jpg 768w, https:\/\/www.zonaires.com\/wp-content\/uploads\/2024\/03\/Sylvie-COUVAL-refugies-couverture-V-1080x1536.jpg 1080w, https:\/\/www.zonaires.com\/wp-content\/uploads\/2024\/03\/Sylvie-COUVAL-refugies-couverture-V-1440x2048.jpg 1440w, https:\/\/www.zonaires.com\/wp-content\/uploads\/2024\/03\/Sylvie-COUVAL-refugies-couverture-V.jpg 1736w\" sizes=\"(max-width: 300px) 100vw, 300px\" \/><\/a><strong>R\u00e9fugi\u00e9s, chemins de vie<\/strong><br \/>\nLes migrants en p\u00e9riode de crise deviennent trop souvent des boucs \u00e9missaires, d\u00e9sign\u00e9s comme responsables, entre autres, des difficult\u00e9s \u00e9conomiques du pays qui les re\u00e7oit.<br \/>\nComment r\u00e9agir autrement que par l\u2019indignation quand on entend parler de \u00ab\u00a0grand remplacement\u00a0\u00bb, de \u00ab\u00a0faux r\u00e9fugi\u00e9s\u00a0\u00bb, du soi-disant flot incessant de migrants d\u00e9barquant en France et mena\u00e7ant notre s\u00e9curit\u00e9, notre identit\u00e9, notre \u00e9conomie, nos valeurs\u00a0?<br \/>\nCe livre offre le t\u00e9moignage \u00e9mouvant de 25 personnes, issues de divers pays, qui ont fait le choix de demander l\u2019asile en France.<br \/>\nIl permet d\u2019entrevoir la richesse et la sp\u00e9cificit\u00e9 des parcours des personnes rencontr\u00e9es, leur force, leur courage, leur d\u00e9sir profond de s\u2019int\u00e9grer, de reconstruire leur vie, sans faire abstraction des nombreux obstacles \u00e0 surmonter.<\/p>\n<p><a href=\"https:\/\/www.zonaires.com\/wp-content\/uploads\/2024\/03\/Photo-Sylvie-Couval-.jpg\"><img loading=\"lazy\" class=\"alignleft wp-image-4589\" src=\"https:\/\/www.zonaires.com\/wp-content\/uploads\/2024\/03\/Photo-Sylvie-Couval--148x176.jpg\" alt=\"\" width=\"112\" height=\"133\" srcset=\"https:\/\/www.zonaires.com\/wp-content\/uploads\/2024\/03\/Photo-Sylvie-Couval--148x176.jpg 148w, https:\/\/www.zonaires.com\/wp-content\/uploads\/2024\/03\/Photo-Sylvie-Couval--300x356.jpg 300w, https:\/\/www.zonaires.com\/wp-content\/uploads\/2024\/03\/Photo-Sylvie-Couval--863x1024.jpg 863w, https:\/\/www.zonaires.com\/wp-content\/uploads\/2024\/03\/Photo-Sylvie-Couval--768x911.jpg 768w, https:\/\/www.zonaires.com\/wp-content\/uploads\/2024\/03\/Photo-Sylvie-Couval--1295x1536.jpg 1295w, https:\/\/www.zonaires.com\/wp-content\/uploads\/2024\/03\/Photo-Sylvie-Couval-.jpg 1655w\" sizes=\"(max-width: 112px) 100vw, 112px\" \/><\/a><\/p>\n<p>&nbsp;<\/p>\n<p><strong>Sylvie Couval<\/strong> est militante depuis des ann\u00e9es au sein d\u2019associations en lien avec les migrants. Elle a publi\u00e9 un essai aux \u00c9ditions Europ\u00e9ennes Universitaires \u00ab Violations des Droits de l&#8217;Homme au Tibet \u00bb<\/p>\n<p><strong>Quand, j&#8217;ai quitt\u00e9 la Syrie, j&#8217;ai cass\u00e9 mon stylo. R\u00e9fugi\u00e9s, chemins de vie<\/strong>, Sylvie Couval, 186 pages, 18,00 \u20ac + port ISBN 979-10-94810-57-6 Parution le 21 mars 2024<\/p>\n<p>Pour commander le livre\u00a0\u00a0et r\u00e9gler \u00e0 partir d\u2019un compte PayPal ou par carte bancaire\u00a0cliquer sur le bouton ajouter au panier :<\/p>\n<form action=\"https:\/\/www.paypal.com\/cgi-bin\/webscr\" method=\"post\" target=\"_blank\"><input name=\"cmd\" type=\"hidden\" value=\"_s-xclick\" \/><br \/>\n<input name=\"hosted_button_id\" type=\"hidden\" value=\"2UBZ34Q2HQX6C\" \/><br \/>\n<input name=\"currency_code\" type=\"hidden\" value=\"EUR\" \/><br \/>\n<input title=\"PayPal, votre r\u00e9flexe s\u00e9curit\u00e9 pour payer en ligne.\" alt=\"Ajouter au panier\" name=\"submit\" src=\"https:\/\/www.paypalobjects.com\/fr_FR\/i\/btn\/btn_cart_LG.gif\" type=\"image\" \/><\/form>\n<p>Pour commander et r\u00e9gler par ch\u00e8que :\u00a0<a href=\"https:\/\/www.zonaires.com\/?page_id=82\">Bon de commande<\/a><\/p>\n","protected":false},"excerpt":{"rendered":"<p>R\u00e9fugi\u00e9s, chemins de vie Les migrants en p\u00e9riode de crise deviennent trop souvent des boucs \u00e9missaires, d\u00e9sign\u00e9s comme responsables, entre autres, des difficult\u00e9s \u00e9conomiques du pays qui les re\u00e7oit. Comment [&hellip;]<\/p>\n","protected":false},"author":1,"featured_media":0,"comment_status":"open","ping_status":"open","sticky":false,"template":"","format":"standard","meta":[],"categories":[6],"tags":[60],"_links":{"self":[{"href":"https:\/\/www.zonaires.com\/index.php?rest_route=\/wp\/v2\/posts\/4587"}],"collection":[{"href":"https:\/\/www.zonaires.com\/index.php?rest_route=\/wp\/v2\/posts"}],"about":[{"href":"https:\/\/www.zonaires.com\/index.php?rest_route=\/wp\/v2\/types\/post"}],"author":[{"embeddable":true,"href":"https:\/\/www.zonaires.com\/index.php?rest_route=\/wp\/v2\/users\/1"}],"replies":[{"embeddable":true,"href":"https:\/\/www.zonaires.com\/index.php?rest_route=%2Fwp%2Fv2%2Fcomments&post=4587"}],"version-history":[{"count":14,"href":"https:\/\/www.zonaires.com\/index.php?rest_route=\/wp\/v2\/posts\/4587\/revisions"}],"predecessor-version":[{"id":4606,"href":"https:\/\/www.zonaires.com\/index.php?rest_route=\/wp\/v2\/posts\/4587\/revisions\/4606"}],"wp:attachment":[{"href":"https:\/\/www.zonaires.com\/index.php?rest_route=%2Fwp%2Fv2%2Fmedia&parent=4587"}],"wp:term":[{"taxonomy":"category","embeddable":true,"href":"https:\/\/www.zonaires.com\/index.php?rest_route=%2Fwp%2Fv2%2Fcategories&post=4587"},{"taxonomy":"post_tag","embeddable":true,"href":"https:\/\/www.zonaires.com\/index.php?rest_route=%2Fwp%2Fv2%2Ftags&post=4587"}],"curies":[{"name":"wp","href":"https:\/\/api.w.org\/{rel}","templated":true}]}}