{"id":4560,"date":"2024-02-28T10:48:24","date_gmt":"2024-02-28T09:48:24","guid":{"rendered":"https:\/\/www.zonaires.com\/?p=4560"},"modified":"2025-05-26T07:58:17","modified_gmt":"2025-05-26T06:58:17","slug":"cest-bon-pour-ton-ego","status":"publish","type":"post","link":"https:\/\/www.zonaires.com\/?p=4560","title":{"rendered":"C&#8217;est bon pour ton \u00e9go"},"content":{"rendered":"<p><a href=\"https:\/\/www.zonaires.com\/wp-content\/uploads\/2024\/02\/Cest-bon-pour-ton-ego-couverture-R-1.jpg\"><img loading=\"lazy\" class=\"alignleft size-medium wp-image-4568\" src=\"https:\/\/www.zonaires.com\/wp-content\/uploads\/2024\/02\/Cest-bon-pour-ton-ego-couverture-R-1-300x434.jpg\" alt=\"\" width=\"300\" height=\"434\" srcset=\"https:\/\/www.zonaires.com\/wp-content\/uploads\/2024\/02\/Cest-bon-pour-ton-ego-couverture-R-1-300x434.jpg 300w, https:\/\/www.zonaires.com\/wp-content\/uploads\/2024\/02\/Cest-bon-pour-ton-ego-couverture-R-1-707x1024.jpg 707w, https:\/\/www.zonaires.com\/wp-content\/uploads\/2024\/02\/Cest-bon-pour-ton-ego-couverture-R-1-145x210.jpg 145w, https:\/\/www.zonaires.com\/wp-content\/uploads\/2024\/02\/Cest-bon-pour-ton-ego-couverture-R-1-768x1112.jpg 768w, https:\/\/www.zonaires.com\/wp-content\/uploads\/2024\/02\/Cest-bon-pour-ton-ego-couverture-R-1-1061x1536.jpg 1061w, https:\/\/www.zonaires.com\/wp-content\/uploads\/2024\/02\/Cest-bon-pour-ton-ego-couverture-R-1-1414x2048.jpg 1414w, https:\/\/www.zonaires.com\/wp-content\/uploads\/2024\/02\/Cest-bon-pour-ton-ego-couverture-R-1.jpg 1719w\" sizes=\"(max-width: 300px) 100vw, 300px\" \/><\/a><\/p>\n<p>Il y a Lucie qui est prise en otage dans un supermarch\u00e9 et pense \u00e0 son dernier repas.<br \/>\nIl y a cette femme m\u00e9decin an\u00e9antie par un deuil qui discute avec Victor Hugo dans son salon.<br \/>\nIl y a Fran\u00e7ois qui d\u00e9cide de se d\u00e9barrasser de sa t\u00e9l\u00e9 pour sauver sa famille.<br \/>\nIl y a Bobby qui porte un pr\u00e9nom de gentil mais ne l&#8217;est pas vraiment.<br \/>\nLes h\u00e9ros de ces nouvelles, des hommes et des femmes aux prises avec leur ego, se ressemblent \u00e9trangement. Tous r\u00eavent d&#8217;une autre vie, mais cette aspiration, prisonni\u00e8re d&#8217;un rapport \u00e9quivoque aux \u00e9crans et au virtuel, s&#8217;\u00e9puise dans le manque de l&#8217;autre. Avec un avatar pour seul vis-\u00e0-vis, le risque de se perdre n&#8217;est jamais loin.<\/p>\n<p><a href=\"https:\/\/www.zonaires.com\/wp-content\/uploads\/2024\/02\/Beatrice-crespo-2.jpg\"><img loading=\"lazy\" class=\"alignleft size-thumbnail wp-image-4563\" src=\"https:\/\/www.zonaires.com\/wp-content\/uploads\/2024\/02\/Beatrice-crespo-2-148x148.jpg\" alt=\"\" width=\"148\" height=\"148\" srcset=\"https:\/\/www.zonaires.com\/wp-content\/uploads\/2024\/02\/Beatrice-crespo-2-148x148.jpg 148w, https:\/\/www.zonaires.com\/wp-content\/uploads\/2024\/02\/Beatrice-crespo-2-300x299.jpg 300w, https:\/\/www.zonaires.com\/wp-content\/uploads\/2024\/02\/Beatrice-crespo-2-768x766.jpg 768w, https:\/\/www.zonaires.com\/wp-content\/uploads\/2024\/02\/Beatrice-crespo-2.jpg 1000w\" sizes=\"(max-width: 148px) 100vw, 148px\" \/><\/a>B\u00e9atrice Crespo-Binisti a beaucoup regard\u00e9 la t\u00e9l\u00e9 quand elle \u00e9tait enfant. Elle a aussi beaucoup lu, et tr\u00e8s t\u00f4t s&#8217;est mise \u00e0 \u00e9crire des histoires. Aujourd&#8217;hui, B\u00e9atrice a bien grandi et regarde beaucoup moins la t\u00e9l\u00e9 mais elle n&#8217;a jamais arr\u00eat\u00e9 de lire et d&#8217;\u00e9crire des nouvelles. Sur le blog \u00ab\u00a0Aux Bouquins Garnis\u00a0\u00bb qu\u2019elle a cr\u00e9\u00e9 en 2012, elle parle encore et toujours de litt\u00e9rature, mais aussi de cuisine, son autre passion. Originaire de Marseille, elle vit avec son mari et son fils en r\u00e9gion parisienne depuis plus de vingt ans et enseigne dans un coll\u00e8ge du 93.<br \/>\n\u00ab\u00a0C&#8217;est bon pour ton ego\u00a0\u00bb est son premier recueil de nouvelles.<\/p>\n<p>C&#8217;est bon pour ton \u00e9go, B\u00e9atrice Crespo-Binisti, nouvelles, 144 pages, 17,00 \u20ac + port<br \/>\nISBN : 979-10-94810-56-9 Parution le 06 mars 2024<\/p>\n<p>En \u00e9coute : la nouvelle &#8220;Victor dans mon salon&#8221; mise en voix par Chantal Bidet<\/p>\n<!--[if lt IE 9]><script>document.createElement('audio');<\/script><![endif]-->\n<audio class=\"wp-audio-shortcode\" id=\"audio-4560-1\" preload=\"none\" style=\"width: 100%;\" controls=\"controls\"><source type=\"audio\/mpeg\" src=\"https:\/\/www.zonaires.com\/wp-content\/uploads\/2024\/02\/Victor-dans-mon-salon-B-Crespo-C-Bidet.mp3?_=1\" \/><a href=\"https:\/\/www.zonaires.com\/wp-content\/uploads\/2024\/02\/Victor-dans-mon-salon-B-Crespo-C-Bidet.mp3\">https:\/\/www.zonaires.com\/wp-content\/uploads\/2024\/02\/Victor-dans-mon-salon-B-Crespo-C-Bidet.mp3<\/a><\/audio>\n<p>Pour commander le livre\u00a0\u00a0et r\u00e9gler \u00e0 partir d\u2019un compte PayPal ou par carte bancaire\u00a0cliquer sur le bouton ajouter au panier :<\/p>\n<form action=\"https:\/\/www.paypal.com\/cgi-bin\/webscr\" method=\"post\" target=\"_blank\"><input name=\"cmd\" type=\"hidden\" value=\"_s-xclick\" \/><span style=\"color: #ff0000;\"><strong>Attention<\/strong><\/span> : livre \u00e0 nouveau disponible le 03 juin 2025<br \/>\n<input name=\"hosted_button_id\" type=\"hidden\" value=\"N75C89GVVYA7Q\" \/><br \/>\n<input name=\"currency_code\" type=\"hidden\" value=\"EUR\" \/><br \/>\n<input title=\"PayPal, votre r\u00e9flexe s\u00e9curit\u00e9 pour payer en ligne.\" alt=\"Ajouter au panier\" name=\"submit\" src=\"https:\/\/www.paypalobjects.com\/fr_FR\/i\/btn\/btn_cart_LG.gif\" type=\"image\" \/><\/form>\n<p>Pour commander et r\u00e9gler par ch\u00e8que :\u00a0<a href=\"https:\/\/www.zonaires.com\/?page_id=82\">Bon de commande<\/a><\/p>\n","protected":false},"excerpt":{"rendered":"<p>Il y a Lucie qui est prise en otage dans un supermarch\u00e9 et pense \u00e0 son dernier repas. Il y a cette femme m\u00e9decin an\u00e9antie par un deuil qui discute [&hellip;]<\/p>\n","protected":false},"author":1,"featured_media":0,"comment_status":"open","ping_status":"open","sticky":false,"template":"","format":"standard","meta":[],"categories":[6],"tags":[59],"_links":{"self":[{"href":"https:\/\/www.zonaires.com\/index.php?rest_route=\/wp\/v2\/posts\/4560"}],"collection":[{"href":"https:\/\/www.zonaires.com\/index.php?rest_route=\/wp\/v2\/posts"}],"about":[{"href":"https:\/\/www.zonaires.com\/index.php?rest_route=\/wp\/v2\/types\/post"}],"author":[{"embeddable":true,"href":"https:\/\/www.zonaires.com\/index.php?rest_route=\/wp\/v2\/users\/1"}],"replies":[{"embeddable":true,"href":"https:\/\/www.zonaires.com\/index.php?rest_route=%2Fwp%2Fv2%2Fcomments&post=4560"}],"version-history":[{"count":13,"href":"https:\/\/www.zonaires.com\/index.php?rest_route=\/wp\/v2\/posts\/4560\/revisions"}],"predecessor-version":[{"id":5235,"href":"https:\/\/www.zonaires.com\/index.php?rest_route=\/wp\/v2\/posts\/4560\/revisions\/5235"}],"wp:attachment":[{"href":"https:\/\/www.zonaires.com\/index.php?rest_route=%2Fwp%2Fv2%2Fmedia&parent=4560"}],"wp:term":[{"taxonomy":"category","embeddable":true,"href":"https:\/\/www.zonaires.com\/index.php?rest_route=%2Fwp%2Fv2%2Fcategories&post=4560"},{"taxonomy":"post_tag","embeddable":true,"href":"https:\/\/www.zonaires.com\/index.php?rest_route=%2Fwp%2Fv2%2Ftags&post=4560"}],"curies":[{"name":"wp","href":"https:\/\/api.w.org\/{rel}","templated":true}]}}