{"id":4474,"date":"2023-11-20T15:57:37","date_gmt":"2023-11-20T14:57:37","guid":{"rendered":"https:\/\/www.zonaires.com\/?p=4474"},"modified":"2024-01-06T11:05:16","modified_gmt":"2024-01-06T10:05:16","slug":"portraits-inattendus-vol-3","status":"publish","type":"post","link":"https:\/\/www.zonaires.com\/?p=4474","title":{"rendered":"Portraits inattendus Vol. 3"},"content":{"rendered":"<p><a href=\"https:\/\/www.zonaires.com\/wp-content\/uploads\/2023\/11\/Portraits-inattendus-III-couverture-recto2.jpg\"><img loading=\"lazy\" class=\"alignleft size-medium wp-image-4477\" src=\"https:\/\/www.zonaires.com\/wp-content\/uploads\/2023\/11\/Portraits-inattendus-III-couverture-recto2-300x438.jpg\" alt=\"\" width=\"300\" height=\"438\" srcset=\"https:\/\/www.zonaires.com\/wp-content\/uploads\/2023\/11\/Portraits-inattendus-III-couverture-recto2-300x438.jpg 300w, https:\/\/www.zonaires.com\/wp-content\/uploads\/2023\/11\/Portraits-inattendus-III-couverture-recto2-701x1024.jpg 701w, https:\/\/www.zonaires.com\/wp-content\/uploads\/2023\/11\/Portraits-inattendus-III-couverture-recto2-144x210.jpg 144w, https:\/\/www.zonaires.com\/wp-content\/uploads\/2023\/11\/Portraits-inattendus-III-couverture-recto2-768x1122.jpg 768w, https:\/\/www.zonaires.com\/wp-content\/uploads\/2023\/11\/Portraits-inattendus-III-couverture-recto2-1051x1536.jpg 1051w, https:\/\/www.zonaires.com\/wp-content\/uploads\/2023\/11\/Portraits-inattendus-III-couverture-recto2-1402x2048.jpg 1402w, https:\/\/www.zonaires.com\/wp-content\/uploads\/2023\/11\/Portraits-inattendus-III-couverture-recto2.jpg 1702w\" sizes=\"(max-width: 300px) 100vw, 300px\" \/><\/a>Partez \u00e0 la rencontre de 12 nouveaux personnages qui ont marqu\u00e9 leur \u00e9poque et inscrit leur empreinte dans la m\u00e9moire collective.<br \/>\nD\u00e9couvrez les portraits inattendus de\u00a0:<br \/>\n&#8211; Colette par Catherine BAUMER<br \/>\n&#8211; Buster Keaton par Benoit CAMUS<br \/>\n&#8211; Elie Wiesel par Jacqueline DEWERDT-OGIL<br \/>\n&#8211; Paul C\u00e9zanne par Alain EMERY<br \/>\n&#8211; Blaise Cendrars par Alain EMERY<br \/>\n&#8211; Louis Mandrin par Martine GALATI<br \/>\n&#8211; Charles Baudelaire par Franck GAROT<br \/>\n&#8211; Roberto BOLA\u00d1O par Franck GAROT<br \/>\n&#8211; Ella Fitzgerald par D\u00e9sir\u00e9e GIROD<br \/>\n&#8211; Louis Armstrong par D\u00e9sir\u00e9e GIROD<br \/>\n&#8211; San Mao par GUAN Jian<br \/>\n&#8211; Jane Birkin par Julie LEGRAND<br \/>\nQuels souvenirs avons-nous gard\u00e9s\u00a0de ces destins dispers\u00e9s dans la grande histoire de l\u2019humanit\u00e9 ? Ceux qui nous sont rapport\u00e9s par les livres, les journaux, les images\u00a0? ou bien par les repr\u00e9sentations et affinit\u00e9s que nous leur avons associ\u00e9es\u00a0?<br \/>\nNeuf auteurs mettent leur m\u00e9moire imaginaire en mouvement pour nous porter au plus pr\u00e8s de ces figures illustres, et nous offrir \u00e0 leur mani\u00e8re des t\u00e9moignages singuliers susceptibles de bouleverser nos perceptions du pass\u00e9.<\/p>\n<p>Portraits inattendus, volume3, collectif d&#8217;auteurs, 122 pages, 15 \u20ac\u00a0 (+ 4,20 \u20ac frais de port) Parution pr\u00e9vue 29 novembre 2023, ISBN N\u00b0 979-10-94810-53-8<\/p>\n<p>Pour commander le livre\u00a0\u00a0et r\u00e9gler \u00e0 partir d\u2019un compte PayPal ou par carte bancaire :\u00a0<strong>cliquer sur le bouton ajouter au panier\u00a0:<\/strong><\/p>\n<form action=\"https:\/\/www.paypal.com\/cgi-bin\/webscr\" method=\"post\" target=\"_blank\"><input name=\"cmd\" type=\"hidden\" value=\"_s-xclick\" \/><br \/>\n<input name=\"hosted_button_id\" type=\"hidden\" value=\"HY5LEEZC24MFY\" \/><br \/>\n<input name=\"currency_code\" type=\"hidden\" value=\"EUR\" \/><br \/>\n<input title=\"PayPal, votre r\u00e9flexe s\u00e9curit\u00e9 pour payer en ligne.\" alt=\"Ajouter au panier\" name=\"submit\" src=\"https:\/\/www.paypalobjects.com\/fr_FR\/i\/btn\/btn_cart_LG.gif\" type=\"image\" \/><\/form>\n<p>Pour commander et r\u00e9gler par ch\u00e8que :\u00a0<a href=\"https:\/\/www.zonaires.com\/?page_id=82\">Bon de commande<\/a><\/p>\n","protected":false},"excerpt":{"rendered":"<p>Partez \u00e0 la rencontre de 12 nouveaux personnages qui ont marqu\u00e9 leur \u00e9poque et inscrit leur empreinte dans la m\u00e9moire collective. D\u00e9couvrez les portraits inattendus de\u00a0: &#8211; Colette par Catherine [&hellip;]<\/p>\n","protected":false},"author":1,"featured_media":0,"comment_status":"open","ping_status":"open","sticky":false,"template":"","format":"standard","meta":[],"categories":[6],"tags":[27],"_links":{"self":[{"href":"https:\/\/www.zonaires.com\/index.php?rest_route=\/wp\/v2\/posts\/4474"}],"collection":[{"href":"https:\/\/www.zonaires.com\/index.php?rest_route=\/wp\/v2\/posts"}],"about":[{"href":"https:\/\/www.zonaires.com\/index.php?rest_route=\/wp\/v2\/types\/post"}],"author":[{"embeddable":true,"href":"https:\/\/www.zonaires.com\/index.php?rest_route=\/wp\/v2\/users\/1"}],"replies":[{"embeddable":true,"href":"https:\/\/www.zonaires.com\/index.php?rest_route=%2Fwp%2Fv2%2Fcomments&post=4474"}],"version-history":[{"count":16,"href":"https:\/\/www.zonaires.com\/index.php?rest_route=\/wp\/v2\/posts\/4474\/revisions"}],"predecessor-version":[{"id":4542,"href":"https:\/\/www.zonaires.com\/index.php?rest_route=\/wp\/v2\/posts\/4474\/revisions\/4542"}],"wp:attachment":[{"href":"https:\/\/www.zonaires.com\/index.php?rest_route=%2Fwp%2Fv2%2Fmedia&parent=4474"}],"wp:term":[{"taxonomy":"category","embeddable":true,"href":"https:\/\/www.zonaires.com\/index.php?rest_route=%2Fwp%2Fv2%2Fcategories&post=4474"},{"taxonomy":"post_tag","embeddable":true,"href":"https:\/\/www.zonaires.com\/index.php?rest_route=%2Fwp%2Fv2%2Ftags&post=4474"}],"curies":[{"name":"wp","href":"https:\/\/api.w.org\/{rel}","templated":true}]}}