{"id":3885,"date":"2021-11-12T18:21:20","date_gmt":"2021-11-12T17:21:20","guid":{"rendered":"https:\/\/www.zonaires.com\/?p=3885"},"modified":"2021-11-14T22:04:32","modified_gmt":"2021-11-14T21:04:32","slug":"portraits-inattendus","status":"publish","type":"post","link":"https:\/\/www.zonaires.com\/?p=3885","title":{"rendered":"Portraits inattendus"},"content":{"rendered":"<p><a href=\"https:\/\/www.zonaires.com\/wp-content\/uploads\/2021\/11\/Couverture-portraits-05.jpg\"><img loading=\"lazy\" class=\"alignleft size-medium wp-image-3886\" src=\"https:\/\/www.zonaires.com\/wp-content\/uploads\/2021\/11\/Couverture-portraits-05-300x425.jpg\" alt=\"\" width=\"300\" height=\"425\" srcset=\"https:\/\/www.zonaires.com\/wp-content\/uploads\/2021\/11\/Couverture-portraits-05-300x425.jpg 300w, https:\/\/www.zonaires.com\/wp-content\/uploads\/2021\/11\/Couverture-portraits-05-148x210.jpg 148w, https:\/\/www.zonaires.com\/wp-content\/uploads\/2021\/11\/Couverture-portraits-05-768x1088.jpg 768w, https:\/\/www.zonaires.com\/wp-content\/uploads\/2021\/11\/Couverture-portraits-05-723x1024.jpg 723w, https:\/\/www.zonaires.com\/wp-content\/uploads\/2021\/11\/Couverture-portraits-05.jpg 1759w\" sizes=\"(max-width: 300px) 100vw, 300px\" \/><\/a>Ce recueil pr\u00e9sente seize personnages qui ont marqu\u00e9 leur \u00e9poque, et laiss\u00e9 leur empreinte dans un monde aussi prompt \u00e0 la glorification qu\u2019\u00e0 l\u2019oubli ou au rejet.<br \/>\nQuels souvenirs avons-nous gard\u00e9s\u00a0de ces destins dispers\u00e9s dans la grande histoire de l\u2019humanit\u00e9 ? Ceux qui nous sont rapport\u00e9s par les livres, les journaux, les images\u00a0? ou bien par les repr\u00e9sentations et affinit\u00e9s que nous leur avons associ\u00e9es\u00a0?<br \/>\nSeize auteurs mettent leur m\u00e9moire imaginaire en mouvement pour nous porter au plus pr\u00e8s de ces figures illustres, et nous offrir \u00e0 leur mani\u00e8re des t\u00e9moignages singuliers susceptibles de bouleverser nos perceptions du pass\u00e9.<br \/>\nAntonin Artaud et Benoit Camus, D\u2019Artagnan et Pierre Monier, Jacques Brel et Estelle Berger, Coluche et Dominique Theurz, Olympe de Gouges et Serge Cazenave-Sarkis, Frida Khalo et Julie Legrand, Jacques Lacan et Jo\u00ebl Hamm, Martin Luther King et Jordy Grosborne, Rosa Luxembourg et Peggy-Loup Garbal, Missak Manouchian et Emmanuelle Cart-Tanneur, Louise Michel et Alain Emery, Groucho Marx et D\u00e9sir\u00e9e Girod, Jim Morrison et Franck Garot, Rosa Parks et Val\u00e9rie Brun, Qiu Jin et Guan Jian, Maria Spiridonova et Pierre-Louis Douheret.<br \/>\nLes portraits dessin\u00e9s sont r\u00e9alis\u00e9s par Nathalie Sougnoux.<br \/>\nQuatre auteurs rendent \u00e9galement hommage aux \u00ab\u00a0Mondine\u00a0\u00bb, ces femmes glorieuses et inconnues du nord de l\u2019Italie qui ont popularis\u00e9 la chanson r\u00e9volutionnaire <em>Bella Ciao<\/em>.<\/p>\n<p>En \u00e9coute &#8220;Alessandro&#8221; une courte nouvelle de Serge Cazenave-Sarkis en hommage aux\u00a0\u00ab\u00a0Mondine\u00a0\u00bb.<\/p>\n<!--[if lt IE 9]><script>document.createElement('audio');<\/script><![endif]-->\n<audio class=\"wp-audio-shortcode\" id=\"audio-3885-1\" preload=\"none\" style=\"width: 100%;\" controls=\"controls\"><source type=\"audio\/mpeg\" src=\"https:\/\/www.zonaires.com\/wp-content\/uploads\/2021\/11\/Alessandro-les-mondines-avec-chanson.mp3?_=1\" \/><a href=\"https:\/\/www.zonaires.com\/wp-content\/uploads\/2021\/11\/Alessandro-les-mondines-avec-chanson.mp3\">https:\/\/www.zonaires.com\/wp-content\/uploads\/2021\/11\/Alessandro-les-mondines-avec-chanson.mp3<\/a><\/audio>\n<p><span style=\"color: #ff6600;\"><strong>Portraits inattendus<\/strong><\/span>, collectif d&#8217;auteurs, 200 pages, 17 \u20ac + 5 \u20ac de frais de port<\/p>\n<p>Parution 20 novembre 2021 ;\u00a0<strong>ISBN N\u00b0 979-10-94810-39-2<\/strong><\/p>\n<p>Pour acheter le\u00a0livre \u00a0et r\u00e9gler \u00e0 partir d\u2019un compte Paypal ou par carte bancaire cliquer sur le bouton ajouter au panier :<\/p>\n<form action=\"https:\/\/www.paypal.com\/cgi-bin\/webscr\" method=\"post\" target=\"paypal\"><input name=\"cmd\" type=\"hidden\" value=\"_s-xclick\" \/><br \/>\n<input name=\"hosted_button_id\" type=\"hidden\" value=\"QB2WZWUD9XX4L\" \/><br \/>\n<input alt=\"PayPal, le r\u00e9flexe s\u00e9curit\u00e9 pour payer en ligne\" name=\"submit\" src=\"https:\/\/www.paypalobjects.com\/fr_FR\/FR\/i\/btn\/btn_cart_LG.gif\" type=\"image\" \/><br \/>\n<img loading=\"lazy\" src=\"https:\/\/www.paypalobjects.com\/fr_FR\/i\/scr\/pixel.gif\" alt=\"\" width=\"1\" height=\"1\" border=\"0\" \/><\/form>\n<p><strong>Pour commander<\/strong>\u00a0et r\u00e9gler par ch\u00e8que :\u00a0<a href=\"https:\/\/www.zonaires.com\/?page_id=82\">Bon de commande<\/a><\/p>\n","protected":false},"excerpt":{"rendered":"<p>Ce recueil pr\u00e9sente seize personnages qui ont marqu\u00e9 leur \u00e9poque, et laiss\u00e9 leur empreinte dans un monde aussi prompt \u00e0 la glorification qu\u2019\u00e0 l\u2019oubli ou au rejet. Quels souvenirs avons-nous [&hellip;]<\/p>\n","protected":false},"author":1,"featured_media":0,"comment_status":"open","ping_status":"open","sticky":false,"template":"","format":"standard","meta":[],"categories":[6],"tags":[27],"_links":{"self":[{"href":"https:\/\/www.zonaires.com\/index.php?rest_route=\/wp\/v2\/posts\/3885"}],"collection":[{"href":"https:\/\/www.zonaires.com\/index.php?rest_route=\/wp\/v2\/posts"}],"about":[{"href":"https:\/\/www.zonaires.com\/index.php?rest_route=\/wp\/v2\/types\/post"}],"author":[{"embeddable":true,"href":"https:\/\/www.zonaires.com\/index.php?rest_route=\/wp\/v2\/users\/1"}],"replies":[{"embeddable":true,"href":"https:\/\/www.zonaires.com\/index.php?rest_route=%2Fwp%2Fv2%2Fcomments&post=3885"}],"version-history":[{"count":9,"href":"https:\/\/www.zonaires.com\/index.php?rest_route=\/wp\/v2\/posts\/3885\/revisions"}],"predecessor-version":[{"id":3906,"href":"https:\/\/www.zonaires.com\/index.php?rest_route=\/wp\/v2\/posts\/3885\/revisions\/3906"}],"wp:attachment":[{"href":"https:\/\/www.zonaires.com\/index.php?rest_route=%2Fwp%2Fv2%2Fmedia&parent=3885"}],"wp:term":[{"taxonomy":"category","embeddable":true,"href":"https:\/\/www.zonaires.com\/index.php?rest_route=%2Fwp%2Fv2%2Fcategories&post=3885"},{"taxonomy":"post_tag","embeddable":true,"href":"https:\/\/www.zonaires.com\/index.php?rest_route=%2Fwp%2Fv2%2Ftags&post=3885"}],"curies":[{"name":"wp","href":"https:\/\/api.w.org\/{rel}","templated":true}]}}