{"id":244,"date":"2013-09-17T07:59:11","date_gmt":"2013-09-17T06:59:11","guid":{"rendered":"http:\/\/www.zonaires.com\/?p=244"},"modified":"2024-05-18T10:31:59","modified_gmt":"2024-05-18T09:31:59","slug":"rendez-vous-apres-la-fin-du-monde","status":"publish","type":"post","link":"https:\/\/www.zonaires.com\/?p=244","title":{"rendered":"Rendez-vous apr\u00e8s la fin du monde"},"content":{"rendered":"<p><span style=\"color: #993300;\">Bienvenue sur Zonaires \u00e9ditions ! Vous pouvez \u00e9couter deux extraits de &#8220;Rendez-vous apr\u00e8s la fin du monde&#8221; dans la rubrique actualit\u00e9s.<\/span><br \/>\n<a href=\"https:\/\/www.zonaires.com\/wp-content\/uploads\/2013\/09\/Couv-rendez-vous-apr\u00e8s-la-fin-du-monde3.jpg\"><img loading=\"lazy\" class=\"alignleft size-medium wp-image-245\" title=\"Couv rendez-vous apr\u00e8s la fin du monde3\" src=\"https:\/\/www.zonaires.com\/wp-content\/uploads\/2013\/09\/Couv-rendez-vous-apr\u00e8s-la-fin-du-monde3-212x300.jpg\" alt=\"\" width=\"212\" height=\"300\" srcset=\"https:\/\/www.zonaires.com\/wp-content\/uploads\/2013\/09\/Couv-rendez-vous-apr\u00e8s-la-fin-du-monde3-212x300.jpg 212w, https:\/\/www.zonaires.com\/wp-content\/uploads\/2013\/09\/Couv-rendez-vous-apr\u00e8s-la-fin-du-monde3.jpg 710w\" sizes=\"(max-width: 212px) 100vw, 212px\" \/><\/a><\/p>\n<p>&nbsp;<\/p>\n<p style=\"text-align: justify;\">Le 21 d\u00e9cembre 2012, l\u2019humanit\u00e9 retenait son souffle. La plan\u00e8te \u00e9tait en \u00e9tat d\u2019alerte m\u00e9diatique maximum. Les savants n\u2019en finissaient plus d\u2019\u00e9lucubrer, les pr\u00e9dicateurs de sermonner et les marchands de saliver. Les Mayas \u00e9taient aux anges et l\u2019apocalypse promettait d\u2019\u00eatre divine. On sait ce qu\u2019il en a \u00e9t\u00e9.<\/p>\n<p style=\"text-align: justify;\">Les lampions de la f\u00eate sont aujourd\u2019hui \u00e9teints, perdus dans d\u2019insondables ab\u00eemes. Les auteurs de ce livre en ont n\u00e9anmoins conserv\u00e9 la m\u00e9moire et c\u2019est avec un humour salvateur qu\u2019ils nous font revivre nos derni\u00e8res heures noires et go\u00fbter aux premiers beaux jours d\u2019apr\u00e8s.<\/p>\n<p>&nbsp;<\/p>\n<p><strong>Collectif d\u2019auteurs<\/strong><\/p>\n<p>Danielle <strong>Akakpo<\/strong> Claude <strong>Bachelier<\/strong> D\u00e9sir\u00e9e <strong>Boillot<\/strong> Jean <strong>Calbrix<\/strong> Benoit <strong>Camus<\/strong> Emmanuelle <strong>Cart-Tanneur<\/strong> Dominique <strong>Chappey<\/strong> Claudine <strong>Cr\u00e9ac\u2019h<\/strong> Patrick <strong>Denys<\/strong> Jacqueline <strong>Dewerdt<\/strong> Alain <strong>Emery<\/strong> Sophie <strong>Etienbled<\/strong> Fr\u00e9d\u00e9ric <strong>Gaillard<\/strong> Franck <strong>Garot<\/strong> Jordy <strong>Grosborne<\/strong> Dominique <strong>Gu\u00e9rin<\/strong> Jo\u00ebl <strong>Hamm<\/strong> Corinne <strong>Jeanson<\/strong> Jean-Luc <strong>Lapoule<\/strong> Patrick <strong>L&#8217;Ecolier<\/strong> Patrick <strong>Ledent<\/strong> Yvonne <strong>Oter<\/strong> Claude <strong>Romashov<\/strong> Ryko <strong>M.<\/strong> Castor <strong>Tillon <\/strong><\/p>\n<p><strong>Rendez-vous apr\u00e8s la fin du monde<\/strong>, 158 pages, 14 \u20ac + 2,72 \u20ac de frais de port<\/p>\n<p>D\u00e9pot l\u00e9gal \u00e0 parution\u00a0le 27 septembre 2013\u00a0 ISBN 978-2-9543796-3-0<\/p>\n<p>Pour acheter le livre et r\u00e9gler \u00e0 partir d\u2019un compte Paypal ou par carte bancaire cliquer sur le bouton ajouter au panier: <strong><span style=\"color: #ff0000;\">Livre \u00e9puis\u00e9<\/span><\/strong><\/p>\n<form action=\"https:\/\/www.paypal.com\/cgi-bin\/webscr\" method=\"post\" target=\"paypal\"><input name=\"cmd\" type=\"hidden\" value=\"_s-xclick\" \/><input name=\"hosted_button_id\" type=\"hidden\" value=\"C8Q5DYY9YVCCE\" \/><br \/>\n<input alt=\"PayPal, le r\u00e9flexe s\u00e9curit\u00e9 pour payer en ligne\" name=\"submit\" src=\"https:\/\/www.paypalobjects.com\/fr_FR\/FR\/i\/btn\/btn_cart_LG.gif\" type=\"image\" \/><br \/>\n<img loading=\"lazy\" src=\"https:\/\/www.paypalobjects.com\/fr_FR\/i\/scr\/pixel.gif\" alt=\"\" width=\"1\" height=\"1\" border=\"0\" \/><\/form>\n<p>Pour commander et r\u00e9gler ensuite par ch\u00e8que\u00a0<span style=\"color: #993300;\"><a title=\"Bon de commande\" href=\"https:\/\/www.zonaires.com\/?page_id=82\"><span style=\"color: #993300;\">Bon de commande<\/span><\/a><\/span><\/p>\n<p>Dans le cadre d\u2019un cabaret lecture, <strong>Jacqueline Dewerdt <\/strong>lit des extraits de textes du recueil ; \u00e0 l&#8217;\u00e9coute dans la rubrique<strong> <a title=\"Actualit\u00e9s\" href=\"https:\/\/www.zonaires.com\/?page_id=73\">Actualit\u00e9s<\/a><\/strong><\/p>\n<p><span style=\"color: #993300;\"><strong>Un peu de musique ?<\/strong><\/span><\/p>\n<p>Ecoutez\u00a0la d\u00e9dicace de <strong>Dominique Chappey<\/strong> sp\u00e9cialement \u00e9crite pour\u00a0 &#8220;Rendez-vous apr\u00e8s la fin du monde&#8221;, musique et interpr\u00e9tation de <strong>Karim Faure<\/strong>, arrangements de <strong>Ludovic Turpin.<\/strong><\/p>\n<p><iframe loading=\"lazy\" src=\"https:\/\/w.soundcloud.com\/player\/?url=http%3A%2F%2Fapi.soundcloud.com%2Ftracks%2F79076706%3Fsecret_token%3Ds-ykevj\" width=\"100%\" height=\"166\" frameborder=\"no\" scrolling=\"no\"><\/iframe><\/p>\n","protected":false},"excerpt":{"rendered":"<p>Bienvenue sur Zonaires \u00e9ditions ! Vous pouvez \u00e9couter deux extraits de &#8220;Rendez-vous apr\u00e8s la fin du monde&#8221; dans la rubrique actualit\u00e9s. &nbsp; Le 21 d\u00e9cembre 2012, l\u2019humanit\u00e9 retenait son souffle. [&hellip;]<\/p>\n","protected":false},"author":1,"featured_media":0,"comment_status":"open","ping_status":"open","sticky":false,"template":"","format":"standard","meta":[],"categories":[6,26],"tags":[27],"_links":{"self":[{"href":"https:\/\/www.zonaires.com\/index.php?rest_route=\/wp\/v2\/posts\/244"}],"collection":[{"href":"https:\/\/www.zonaires.com\/index.php?rest_route=\/wp\/v2\/posts"}],"about":[{"href":"https:\/\/www.zonaires.com\/index.php?rest_route=\/wp\/v2\/types\/post"}],"author":[{"embeddable":true,"href":"https:\/\/www.zonaires.com\/index.php?rest_route=\/wp\/v2\/users\/1"}],"replies":[{"embeddable":true,"href":"https:\/\/www.zonaires.com\/index.php?rest_route=%2Fwp%2Fv2%2Fcomments&post=244"}],"version-history":[{"count":36,"href":"https:\/\/www.zonaires.com\/index.php?rest_route=\/wp\/v2\/posts\/244\/revisions"}],"predecessor-version":[{"id":4828,"href":"https:\/\/www.zonaires.com\/index.php?rest_route=\/wp\/v2\/posts\/244\/revisions\/4828"}],"wp:attachment":[{"href":"https:\/\/www.zonaires.com\/index.php?rest_route=%2Fwp%2Fv2%2Fmedia&parent=244"}],"wp:term":[{"taxonomy":"category","embeddable":true,"href":"https:\/\/www.zonaires.com\/index.php?rest_route=%2Fwp%2Fv2%2Fcategories&post=244"},{"taxonomy":"post_tag","embeddable":true,"href":"https:\/\/www.zonaires.com\/index.php?rest_route=%2Fwp%2Fv2%2Ftags&post=244"}],"curies":[{"name":"wp","href":"https:\/\/api.w.org\/{rel}","templated":true}]}}